{"id":1150,"date":"2016-02-06T17:07:21","date_gmt":"2016-02-06T16:07:21","guid":{"rendered":"http:\/\/t4travel.de\/?p=1150"},"modified":"2017-05-04T14:43:24","modified_gmt":"2017-05-04T12:43:24","slug":"36-mit-dem-vw-bus-durch-italien-eine-grosse-enttaeuschung","status":"publish","type":"post","link":"http:\/\/t4travel.de\/index.php\/2016\/02\/06\/36-mit-dem-vw-bus-durch-italien-eine-grosse-enttaeuschung\/","title":{"rendered":"#36 Mit dem Camper durch Italien, der gro\u00dfe Flop"},"content":{"rendered":"<p>[23.01.2016] \u00a0Wir sind nun in Italien, unseren Plan runter nach Sizilien zu fahren haben wir verworfen. Das Wetter ist erstaunlicherweise sehr warm und wir haben beschlossen langsam Richtung Norden zu fahren.<\/p>\n<p>Es dauert recht lange bis wir die unansehnliche Gegend um <a href=\"https:\/\/de.wikipedia.org\/wiki\/Bari\" target=\"_blank\">Bari<\/a>\u00a0verlassen haben. Es kommt mir vor als ob wir eine riesige Baustelle durchfahren m\u00fcssen. Ich bin etwas erleichtert als wir in der n\u00e4he von Matera sind und die Landschaft wieder ansprechender wird.<\/p>\n<p>&nbsp;<\/p>\n<h4>Matera<\/h4>\n<p>Da wir keinen Reisef\u00fchrer von Italien haben, sind wir eher durch Zufall auf die Stadt Matera gekommen. Wir waren schon gut 15 km vorbeigefahren und haben uns an einen kleinen See niedergelassen und was zu Mittag gegessen. Da wir dringend unsere Emails checken wollten, sind wir zur n\u00e4chst gr\u00f6\u00dferen Stadt gefahren, Matera.<\/p>\n<p><a href=\"http:\/\/t4travel.de\/wp-content\/uploads\/2016\/02\/matera-.jpg\" rel=\"attachment wp-att-1152\" data-rel=\"lightbox-0\" title=\"\"><img loading=\"lazy\" class=\"aligncenter size-full wp-image-1152\" src=\"http:\/\/t4travel.de\/wp-content\/uploads\/2016\/02\/matera-.jpg\" alt=\"matera-\" width=\"1200\" height=\"472\" srcset=\"http:\/\/t4travel.de\/wp-content\/uploads\/2016\/02\/matera-.jpg 1200w, http:\/\/t4travel.de\/wp-content\/uploads\/2016\/02\/matera--300x118.jpg 300w, http:\/\/t4travel.de\/wp-content\/uploads\/2016\/02\/matera--768x302.jpg 768w, http:\/\/t4travel.de\/wp-content\/uploads\/2016\/02\/matera--1024x403.jpg 1024w\" sizes=\"(max-width: 1200px) 100vw, 1200px\" \/><\/a><\/p>\n<p><a href=\"http:\/\/t4travel.de\/wp-content\/uploads\/2016\/02\/matera-8846.jpg\" rel=\"attachment wp-att-1153\" data-rel=\"lightbox-1\" title=\"\"><img loading=\"lazy\" class=\"alignleft size-medium wp-image-1153\" src=\"http:\/\/t4travel.de\/wp-content\/uploads\/2016\/02\/matera-8846-300x200.jpg\" alt=\"matera-8846\" width=\"300\" height=\"200\" srcset=\"http:\/\/t4travel.de\/wp-content\/uploads\/2016\/02\/matera-8846-300x200.jpg 300w, http:\/\/t4travel.de\/wp-content\/uploads\/2016\/02\/matera-8846-768x512.jpg 768w, http:\/\/t4travel.de\/wp-content\/uploads\/2016\/02\/matera-8846-1024x683.jpg 1024w, http:\/\/t4travel.de\/wp-content\/uploads\/2016\/02\/matera-8846.jpg 1200w\" sizes=\"(max-width: 300px) 100vw, 300px\" \/><\/a>Als wir in die Stadt einfahren lesen wir etwas von Unesco und Sassi. Kurze Zeit sp\u00e4ter erkunden wir die \u00e4u\u00dferst sch\u00f6ne \u00a0<a href=\"http:\/\/www.mein-italien.info\/landschaften\/sassi-di-matera.htm\" target=\"_blank\">Stadt Matera<\/a>. Da wir Arja eine lange Stadtbesichtigung nicht antuen wollen, f\u00e4llt unsere Tour heute etwas k\u00fcrzer aus. Wir parken unseren Bus auf der gegen\u00fcberliegenden Seite vom Canyon und verbringen dort eine Nacht (<a href=\"https:\/\/www.google.de\/maps\/place\/40%C2%B039'55.7%22N+16%C2%B037'11.1%22E\/@40.665479,16.6175673,17z\/data=!3m1!4b1!4m2!3m1!1s0x0:0x0\" target=\"_blank\">Standort<\/a>).<\/p>\n<p>Am n\u00e4chsten Tag bleibe ich mit Arja beim Bus und Marlene startet nochmal alleine eine Erkundung der Stadt.<\/p>\n<p>&nbsp;<\/p>\n<p><a href=\"http:\/\/t4travel.de\/wp-content\/uploads\/2016\/02\/matera-8906.jpg\" rel=\"attachment wp-att-1154\" data-rel=\"lightbox-2\" title=\"\"><img loading=\"lazy\" class=\"aligncenter size-full wp-image-1154\" src=\"http:\/\/t4travel.de\/wp-content\/uploads\/2016\/02\/matera-8906.jpg\" alt=\"matera-8906\" width=\"1200\" height=\"694\" srcset=\"http:\/\/t4travel.de\/wp-content\/uploads\/2016\/02\/matera-8906.jpg 1200w, http:\/\/t4travel.de\/wp-content\/uploads\/2016\/02\/matera-8906-300x174.jpg 300w, http:\/\/t4travel.de\/wp-content\/uploads\/2016\/02\/matera-8906-768x444.jpg 768w, http:\/\/t4travel.de\/wp-content\/uploads\/2016\/02\/matera-8906-1024x592.jpg 1024w\" sizes=\"(max-width: 1200px) 100vw, 1200px\" \/><br \/>\n<\/a><a href=\"http:\/\/t4travel.de\/wp-content\/uploads\/2016\/02\/matera-8839.jpg\" rel=\"attachment wp-att-1176\" data-rel=\"lightbox-3\" title=\"\"><img loading=\"lazy\" class=\"alignleft size-medium wp-image-1176\" src=\"http:\/\/t4travel.de\/wp-content\/uploads\/2016\/02\/matera-8839-300x200.jpg\" alt=\"matera-8839\" width=\"300\" height=\"200\" srcset=\"http:\/\/t4travel.de\/wp-content\/uploads\/2016\/02\/matera-8839-300x200.jpg 300w, http:\/\/t4travel.de\/wp-content\/uploads\/2016\/02\/matera-8839-768x512.jpg 768w, http:\/\/t4travel.de\/wp-content\/uploads\/2016\/02\/matera-8839-1024x683.jpg 1024w, http:\/\/t4travel.de\/wp-content\/uploads\/2016\/02\/matera-8839.jpg 1200w\" sizes=\"(max-width: 300px) 100vw, 300px\" \/><\/a><em>Matera\u00a0liegt auf einem\u00a0H\u00fcgel, und wird an einer Seite\u00a0durch einen Canyon begrenzt. Ich erkunde die einzelnen verwinkelten Gassen und Str\u00e4\u00dfchen,\u00a0Treppen rauf, dann rechts, kleines G\u00e4sschen wieder runter. Einige H\u00e4user sind in H\u00f6hlen gebaut, die Stadt scheint mit dem Berg verschmolzen.\u00a0<\/em><\/p>\n<p><em>Ich h\u00f6re Glocken aus verschiedenen Teilen der Stadt, Blument\u00f6pfe und St\u00fchle zieren die Eing\u00e4nge, W\u00e4sche wird zum Trocknen aufgeh\u00e4ngt. Die Einheimischen gehen ihren Alltag nach, eilen von A nach B, oder plaudern mit Bekannten, Touristen schlendern in Menschentrauben durch die Stadt.<\/em><\/p>\n<p>&nbsp;<\/p>\n<p><a href=\"http:\/\/t4travel.de\/wp-content\/uploads\/2016\/02\/matera-8913.jpg\" rel=\"attachment wp-att-1156\" data-rel=\"lightbox-4\" title=\"\"><img loading=\"lazy\" class=\"aligncenter wp-image-1156 size-full\" src=\"http:\/\/t4travel.de\/wp-content\/uploads\/2016\/02\/matera-8913.jpg\" alt=\"matera-8913\" width=\"1200\" height=\"800\" srcset=\"http:\/\/t4travel.de\/wp-content\/uploads\/2016\/02\/matera-8913.jpg 1200w, http:\/\/t4travel.de\/wp-content\/uploads\/2016\/02\/matera-8913-300x200.jpg 300w, http:\/\/t4travel.de\/wp-content\/uploads\/2016\/02\/matera-8913-768x512.jpg 768w, http:\/\/t4travel.de\/wp-content\/uploads\/2016\/02\/matera-8913-1024x683.jpg 1024w\" sizes=\"(max-width: 1200px) 100vw, 1200px\" \/><\/a><\/p>\n<p><em>Ich mag die Atmosph\u00e4re der Stadt und ihren s\u00fcd- italienischen Flair, doch nach einer guten Stunde knurrt mein Magen und ich mache mich auf den R\u00fcckweg zu David und Arja.<\/em><\/p>\n<p>&nbsp;<\/p>\n<h4>Der Vesuv, Herzlich Willkommen im Knast<\/h4>\n<p>Matera liegt bereits einige Stunden hinter uns, wir befinden uns auf dem Weg zum Vulkan <a href=\"https:\/\/de.wikipedia.org\/wiki\/Vesuv\" target=\"_blank\">Vesuv<\/a>. Ich habe noch nie einen Vulkan besichtigt und bin schon voller Vorfreude den Rand des Kraters zu erklimmen. Davor wollen wir noch Pompeji einen Besuch abstatten.<\/p>\n<p>Bereits eine halbe Stunde bevor wir in Pompeji sind, befinden wir uns schon mitten im Gewusel einer nicht endenden Vorstadt. Es ist bereits sp\u00e4ter Nachmittag\u00a0und wir suchen einen Parkplatz f\u00fcr die Nacht. Nach einer halben Stunde im Stau stehen und rumsuchen, gebe ich genervt auf, hier finden wir sicher nichts.<\/p>\n<p>Wir beschlie\u00dfen Richtung Vulkan zu fahren. Auf dem Navi haben wir dort eine Stra\u00dfe Richtung Gipfel gefunden und hoffen dort einen ruhigen Parkplatz in der Natur zu finden.<\/p>\n<p>Es ist bereits dunkel als wir den Vesuv erreichen. Wir fahren eine gute Zeit lang die Serpentienen bergauf und hoffen oben einen guten Stellplatz zu finden. Leider ist nichts so wie wir erwartet haben.<\/p>\n<p><a href=\"http:\/\/t4travel.de\/wp-content\/uploads\/2016\/02\/matera-8930.jpg\" rel=\"attachment wp-att-1157\" data-rel=\"lightbox-5\" title=\"\"><img loading=\"lazy\" class=\"aligncenter size-full wp-image-1157\" src=\"http:\/\/t4travel.de\/wp-content\/uploads\/2016\/02\/matera-8930.jpg\" alt=\"matera-8930\" width=\"1200\" height=\"694\" srcset=\"http:\/\/t4travel.de\/wp-content\/uploads\/2016\/02\/matera-8930.jpg 1200w, http:\/\/t4travel.de\/wp-content\/uploads\/2016\/02\/matera-8930-300x174.jpg 300w, http:\/\/t4travel.de\/wp-content\/uploads\/2016\/02\/matera-8930-768x444.jpg 768w, http:\/\/t4travel.de\/wp-content\/uploads\/2016\/02\/matera-8930-1024x592.jpg 1024w\" sizes=\"(max-width: 1200px) 100vw, 1200px\" \/><\/a><\/p>\n<p><a href=\"http:\/\/t4travel.de\/wp-content\/uploads\/2016\/02\/matera-8927.jpg\" rel=\"attachment wp-att-1158\" data-rel=\"lightbox-6\" title=\"\"><img loading=\"lazy\" class=\"alignleft size-medium wp-image-1158\" src=\"http:\/\/t4travel.de\/wp-content\/uploads\/2016\/02\/matera-8927-300x200.jpg\" alt=\"matera-8927\" width=\"300\" height=\"200\" srcset=\"http:\/\/t4travel.de\/wp-content\/uploads\/2016\/02\/matera-8927-300x200.jpg 300w, http:\/\/t4travel.de\/wp-content\/uploads\/2016\/02\/matera-8927-768x512.jpg 768w, http:\/\/t4travel.de\/wp-content\/uploads\/2016\/02\/matera-8927-1024x683.jpg 1024w, http:\/\/t4travel.de\/wp-content\/uploads\/2016\/02\/matera-8927.jpg 1200w\" sizes=\"(max-width: 300px) 100vw, 300px\" \/><\/a><\/p>\n<p>Ich kann es kaum fassen, links und rechts ist ein zwei Meter hoher Zaun, der den Weg in den Wald versperrt. Den einzigsten gr\u00fcnen Fleck den wir finden ist mit Klopapier und sonstigem Unrat versaut.<\/p>\n<p>Zu allem \u00dcberfluss erfahre ich dann auch noch, dass man 12 Euro bezahlen muss um dann selbst zum Gipfel wandern zu d\u00fcrfen. Das wars, meine idyllische Vorstellung den Vesuv zu besteigen ist dahin. Ich kann euch gar nicht sagen wie w\u00fctend\u00a0und aufgebracht ich bin. Wiederwillig beschlie\u00dfen wir die Nacht auf dem zugem\u00fcllten Parkplatz zu verbringen.<\/p>\n<p>Nach dem Abendessen ist meine Wut immer noch nicht abgeklungen, ich habe mich selten an einem Ort so unwohl gef\u00fchlt wie hier. Ich hab keinen Bock mehr auf den Vesuv, Pompeji und Napoli. Ich muss nur noch hier weg!<\/p>\n<p><em>3 Stunden sp\u00e4ter&#8230;<\/em><\/p>\n<p>Ich fahre und fahre, Marlene schl\u00e4ft auf dem Beifahrersitz. Bald haben wir es geschafft! Wir sind unterwegs zum\u00a0Nationalpark <a href=\"https:\/\/www.google.de\/maps\/place\/41%C2%B024'34.7%22N+14%C2%B023'25.4%22E\/@41.409653,14.3881853,17z\/data=!3m1!4b1!4m2!3m1!1s0x0:0x0\" target=\"_blank\">Matese<\/a> hoch in den Bergen.<\/p>\n<p>Endlich sind wir da, obwohl ich aufgrund der Dunkelheit die Umgebung nur erahnen kann, bin ich sehr erleichtert, als wir unseren Bus auf dem Schnee parken und ich aussteige und die saubere kalte Luft einatme. Wir fallen erleichtert ins Bett und sind froh den ganzen \u00c4rger mit dem Vesuv hinter uns gelassen zu haben.<\/p>\n<p>&nbsp;<\/p>\n<h4>Ein sch\u00f6ner Tag im Schnee<\/h4>\n<p><a href=\"http:\/\/t4travel.de\/wp-content\/uploads\/2016\/02\/matera-2799.jpg\" rel=\"attachment wp-att-1159\" data-rel=\"lightbox-7\" title=\"\"><img loading=\"lazy\" class=\"aligncenter size-full wp-image-1159\" src=\"http:\/\/t4travel.de\/wp-content\/uploads\/2016\/02\/matera-2799.jpg\" alt=\"matera-2799\" width=\"1200\" height=\"717\" srcset=\"http:\/\/t4travel.de\/wp-content\/uploads\/2016\/02\/matera-2799.jpg 1200w, http:\/\/t4travel.de\/wp-content\/uploads\/2016\/02\/matera-2799-300x179.jpg 300w, http:\/\/t4travel.de\/wp-content\/uploads\/2016\/02\/matera-2799-768x459.jpg 768w, http:\/\/t4travel.de\/wp-content\/uploads\/2016\/02\/matera-2799-1024x612.jpg 1024w\" sizes=\"(max-width: 1200px) 100vw, 1200px\" \/><\/a><\/p>\n<p><a href=\"http:\/\/t4travel.de\/wp-content\/uploads\/2016\/02\/matera-2809.jpg\" rel=\"attachment wp-att-1164\" data-rel=\"lightbox-8\" title=\"\"><img loading=\"lazy\" class=\"aligncenter wp-image-1164 size-full\" src=\"http:\/\/t4travel.de\/wp-content\/uploads\/2016\/02\/matera-2809.jpg\" alt=\"matera-2809\" width=\"1200\" height=\"800\" srcset=\"http:\/\/t4travel.de\/wp-content\/uploads\/2016\/02\/matera-2809.jpg 1200w, http:\/\/t4travel.de\/wp-content\/uploads\/2016\/02\/matera-2809-300x200.jpg 300w, http:\/\/t4travel.de\/wp-content\/uploads\/2016\/02\/matera-2809-768x512.jpg 768w, http:\/\/t4travel.de\/wp-content\/uploads\/2016\/02\/matera-2809-1024x683.jpg 1024w\" sizes=\"(max-width: 1200px) 100vw, 1200px\" \/><\/a><img loading=\"lazy\" class=\"alignleft wp-image-1167 size-medium\" src=\"http:\/\/t4travel.de\/wp-content\/uploads\/2016\/02\/matera-2833-300x200.jpg\" alt=\"matera-2833\" width=\"300\" height=\"200\" srcset=\"http:\/\/t4travel.de\/wp-content\/uploads\/2016\/02\/matera-2833-300x200.jpg 300w, http:\/\/t4travel.de\/wp-content\/uploads\/2016\/02\/matera-2833-768x512.jpg 768w, http:\/\/t4travel.de\/wp-content\/uploads\/2016\/02\/matera-2833-1024x683.jpg 1024w, http:\/\/t4travel.de\/wp-content\/uploads\/2016\/02\/matera-2833.jpg 1200w\" sizes=\"(max-width: 300px) 100vw, 300px\" \/>[26.01.2016] Die Sonne geht auf und als wir aussteigen befinden wir uns mitten in den Bergen. Die gestrige Nachtfahrt hat sich also richtig gelohnt und wir sind froh die richtige Entscheidung getroffen zu haben. Wir fr\u00fchst\u00fccken und packen dann gleich unsere Sachen um mit Arja einen Spaziergang entlang am zugefrorenen See zu machen.<\/p>\n<p>&nbsp;<\/p>\n<p>Arja liebt den Schnee! Es macht Spa\u00df sie beim Toben durch den Schnee zu beobachten. Anfangs hat sie allerdings noch Respekt vor dem zugefrorenen See.<\/p>\n<p>&nbsp;<\/p>\n<p><a href=\"http:\/\/t4travel.de\/wp-content\/uploads\/2016\/02\/matera-2851-1.jpg\" rel=\"attachment wp-att-1168\" data-rel=\"lightbox-9\" title=\"\"><img loading=\"lazy\" class=\"aligncenter size-full wp-image-1168\" src=\"http:\/\/t4travel.de\/wp-content\/uploads\/2016\/02\/matera-2851-1.jpg\" alt=\"matera-2851\" width=\"1200\" height=\"800\" srcset=\"http:\/\/t4travel.de\/wp-content\/uploads\/2016\/02\/matera-2851-1.jpg 1200w, http:\/\/t4travel.de\/wp-content\/uploads\/2016\/02\/matera-2851-1-300x200.jpg 300w, http:\/\/t4travel.de\/wp-content\/uploads\/2016\/02\/matera-2851-1-768x512.jpg 768w, http:\/\/t4travel.de\/wp-content\/uploads\/2016\/02\/matera-2851-1-1024x683.jpg 1024w\" sizes=\"(max-width: 1200px) 100vw, 1200px\" \/><\/a><\/p>\n<p><a href=\"http:\/\/t4travel.de\/wp-content\/uploads\/2016\/02\/matera-2850.jpg\" rel=\"attachment wp-att-1177\" data-rel=\"lightbox-10\" title=\"\"><img loading=\"lazy\" class=\"alignleft size-medium wp-image-1177\" src=\"http:\/\/t4travel.de\/wp-content\/uploads\/2016\/02\/matera-2850-300x200.jpg\" alt=\"matera-2850\" width=\"300\" height=\"200\" srcset=\"http:\/\/t4travel.de\/wp-content\/uploads\/2016\/02\/matera-2850-300x200.jpg 300w, http:\/\/t4travel.de\/wp-content\/uploads\/2016\/02\/matera-2850-768x512.jpg 768w, http:\/\/t4travel.de\/wp-content\/uploads\/2016\/02\/matera-2850-1024x683.jpg 1024w, http:\/\/t4travel.de\/wp-content\/uploads\/2016\/02\/matera-2850.jpg 1200w\" sizes=\"(max-width: 300px) 100vw, 300px\" \/><\/a><\/p>\n<p>Der Tag geht recht schnell vorbei und wir beschlie\u00dfen weiter zu fahren. N\u00e4chster Stop sind die hei\u00dfen Quellen bei Saturnia, wir freuen uns schon auf das hei\u00dfe Wasser. Dort wollen wir auch wieder Nica und S\u00f6ntke treffen, wir haben uns seit unserer Flucht aus Neapel aus den Augen verloren.<\/p>\n<p>&nbsp;<\/p>\n<p>&nbsp;<\/p>\n<h4>Die Hei\u00dfen Quellen und die Probleme in Italien<\/h4>\n<p>Wir biegen um eine Kurve und pl\u00f6tzlich sind sie da! Von oben schauen die Quellen schon mal fantastisch aus. Wir freuen uns schon auf das hei\u00dfe Wasser.<\/p>\n<p><a href=\"http:\/\/t4travel.de\/wp-content\/uploads\/2016\/02\/matera-2894.jpg\" rel=\"attachment wp-att-1171\" data-rel=\"lightbox-11\" title=\"\"><img loading=\"lazy\" class=\"aligncenter size-full wp-image-1171\" src=\"http:\/\/t4travel.de\/wp-content\/uploads\/2016\/02\/matera-2894.jpg\" alt=\"matera-2894\" width=\"1200\" height=\"699\" srcset=\"http:\/\/t4travel.de\/wp-content\/uploads\/2016\/02\/matera-2894.jpg 1200w, http:\/\/t4travel.de\/wp-content\/uploads\/2016\/02\/matera-2894-300x175.jpg 300w, http:\/\/t4travel.de\/wp-content\/uploads\/2016\/02\/matera-2894-768x447.jpg 768w, http:\/\/t4travel.de\/wp-content\/uploads\/2016\/02\/matera-2894-1024x596.jpg 1024w\" sizes=\"(max-width: 1200px) 100vw, 1200px\" \/><\/a><\/p>\n<p>Unsere anf\u00e4ngliche Euphorie wir schnell getr\u00fcbt. Zum einen ist es mal wieder total schwer, wie so oft seitdem wir in Italien sind, einen guten Stellplatz zu finden. \u00dcberall befinden sich Z\u00e4une, die leeren (!!) Parkpl\u00e4tze sind h\u00f6henbeschr\u00e4nkt.<\/p>\n<p>Als wir dann direkt auf einem normalen Parkplatz auf der Stra\u00dfe parken kommt sofort die Polizei und verjagt uns. Nichtmal parken ist hier mit dem Camper erlaubt, das ist doch zum kotzen&#8230;<\/p>\n<p>Wir haben so langsam die Schnauze von Italien gestrichen voll. Bislang hatten wir fast nur Probleme mit den Stellpl\u00e4tzen, sofern man den \u00fcberhaupt mal was vern\u00fcnftiges gefunden hat. Wir haben \u00fcberhaupt keine Lust mehr uns hier\u00a0noch l\u00e4nger\u00a0aufzuhalten und beschlie\u00dfen m\u00f6glichst schnell Richtung Norden nach S\u00fcdtirol zu fahren.<\/p>\n<p>Aufgrund des ganzen \u00c4rgers bleibt es bei einem kurzen Sprung in die warmen Quellen und danach machen wir uns gleich auf die Weiterreise.<\/p>\n<p>&nbsp;<\/p>\n<h4>Wieder in der Heimat<\/h4>\n<p><em>Nun bin ich also wieder zu Hause in Brixen (S\u00fcdtirol). Wer h\u00e4tte das gedacht, vor einer Woche haben wir noch Pl\u00e4ne f\u00fcr die T\u00fcrkei geschmiedet, fern ab von zu Hause. So schnell kann sich alles \u00e4ndern&#8230;<\/em><\/p>\n<p><em>Obwohl wir urspr\u00fcnglich noch weiterreisen wollten, ist es sehr sch\u00f6ner wieder zu Hause zu sein und meine Eltern wieder zu sehen. Wieder einmal kommt uns nach so langer Zeit alles riesengro\u00df vor, wir k\u00f6nnen uns so richtig ausbreiten und uns bequem in der\u00a0<\/em><em>warmen Stube auf die Couch m\u00fcmmeln.<br \/>\n<\/em><em>Endlich wieder eine warme Dusche, der Duft der frisch gewaschenen W\u00e4sche, abends nicht mehr raus in die K\u00e4lte zum Pinkeln&#8230;.ich sags euch, eine Wonne!<\/em><\/p>\n<p><em>Zudem werden wir von meiner Mama mit Leckereien verw\u00f6hnt: Kn\u00f6del, Krapfen, Tirtln&#8230;wir f\u00fchlen uns wie im 4 Sternehotel und genie\u00dfen die Zeit.<\/em><\/p>\n<p><em>Am n\u00e4chsten Tag kommen uns dann Nica und S\u00f6ntke besuchen. Da wir unseren beiden norddeutschen Freunden die Vorz\u00fcge der Vertikalen zeigen wollen, machen wir uns am Tag darauf\u00a0gleich auf zum Rodeln nach Villn\u00f6\u00df.\u00a0<\/em><\/p>\n<p><em>Unsere kleinen H\u00fcndchen schaffen den f\u00fcr uns kurzen Aufstieg gut, oben auf der Almh\u00fctte angekommen g\u00f6nnen wir uns ein paar S\u00fcdtiroler Schmankerln und dann geht`s los.<br \/>\nDavid und ich quetschen und auf den Schlitten, ich halte Arja im Arm. Los geht die Fahrt, Arjas Ohren flattern im Wind, wir nehmen Fahrt auf , ich rutsche immer weiter vom Schlitten, wir werden rasant schnell&#8230;und landen im Tiefschnee.\u00a0<\/em><\/p>\n<p><em>Nachdem wir es anfangs etwas \u00fcbertrieben hatten, findet Arja Schlitten fahren nicht mehr so prickelnd und wir fahren nur noch im Schneckentempo mit st\u00e4ndigen F\u00fctterbelohnungen den Berg runter.\u00a0<\/em><br \/>\n<em>Nica und S\u00f6ntke schaffen es auch heile nach unten und finden definitiv ihren Gefallen am Rodeln.\u00a0Wer wei\u00df vielleicht sehnen sie sich irgendwann so sehr nach Bergen, dass sie Richtung S\u00fcden ziehen?:)<\/em><\/p>\n<p><em>Am n\u00e4chsten Tag treten sie schlie\u00dflich ihre Weiterreise an, wir verabschieden uns und hoffen sie bald wieder zu sehen!\u00a0<\/em><\/p>\n<p><em>David und ich genie\u00dfen die n\u00e4chsten Tage in Brixen und sind vollauf mit Arja besch\u00e4ftigt. Wir haben einige Sachen zu erledigen, aber irgendwie sind wir von der Reise so verlangsamt, dass die Tage vergehen und wir zu nichts kommen&#8230;mal schauen wann wir in Bayern ankommen..<\/em><\/p>\n<p>&nbsp;<\/p>\n<h4>Geplanter Boxenstop in Bayern<\/h4>\n<p>[06.02.2016] Wir sind immer noch in S\u00fcdtirol und werden in ein paar Tagen meiner Heimat einen Besuch abstatten. Wir werden die Zeit nutzen um einige Sachen zu erledigen, ein paar Reparaturen\/Verbesserungen am Bus durchzuf\u00fchren und um ein wenig zur Ruhe zu kommen.<\/p>\n<p>Danach werden wir sehen wie es weitergeht. Wenn wir ehrlich sind hat uns die <a href=\"http:\/\/t4travel.de\/index.php\/2016\/01\/24\/35-hund-oder-tuerkei-eine-schwere-entscheidung\/\" target=\"_blank\">Sache mit dem Hund<\/a> und die Entscheidung nicht in die T\u00fcrkei zu reisen ziemlich aus unserer Reise gerissen. Wir bereuen es zwar keine Minute unseren Plan Arja zu Liebe ge\u00e4ndert zu haben, aber wir haben irgendwie das Gef\u00fchl noch nicht am Ende unsere Reise\u00a0angekommen zu sein.<\/p>\n<p>Ich will nichts versprechen, aber es ist auf jedenfall im Gespr\u00e4ch, dass wir nach einem kurzen Boxenstop in der Heimat nochmal Richtung Marokko d\u00fcsen um unsere Sehnsucht nach einem fremden Land und fremder Kultur zu befriedigen.<\/p>\n<p>Bis dahin gibt es aber auf jeden Fall noch weitere Infos zur Reise.<\/p>\n","protected":false},"excerpt":{"rendered":"<p>[23.01.2016] \u00a0Wir sind nun in Italien, unseren Plan runter nach Sizilien zu fahren haben wir verworfen. Das Wetter ist erstaunlicherweise sehr warm und wir haben beschlossen langsam Richtung Norden zu fahren. Es dauert recht&#46;&#46;&#46;<\/p>\n","protected":false},"author":2,"featured_media":1164,"comment_status":"open","ping_status":"open","sticky":false,"template":"","format":"standard","meta":[],"categories":[17,60,4],"tags":[172,163,36,2,47,49,100,173,174,133,7,46,41,23,37,39],"_links":{"self":[{"href":"http:\/\/t4travel.de\/index.php\/wp-json\/wp\/v2\/posts\/1150"}],"collection":[{"href":"http:\/\/t4travel.de\/index.php\/wp-json\/wp\/v2\/posts"}],"about":[{"href":"http:\/\/t4travel.de\/index.php\/wp-json\/wp\/v2\/types\/post"}],"author":[{"embeddable":true,"href":"http:\/\/t4travel.de\/index.php\/wp-json\/wp\/v2\/users\/2"}],"replies":[{"embeddable":true,"href":"http:\/\/t4travel.de\/index.php\/wp-json\/wp\/v2\/comments?post=1150"}],"version-history":[{"count":10,"href":"http:\/\/t4travel.de\/index.php\/wp-json\/wp\/v2\/posts\/1150\/revisions"}],"predecessor-version":[{"id":1179,"href":"http:\/\/t4travel.de\/index.php\/wp-json\/wp\/v2\/posts\/1150\/revisions\/1179"}],"wp:featuredmedia":[{"embeddable":true,"href":"http:\/\/t4travel.de\/index.php\/wp-json\/wp\/v2\/media\/1164"}],"wp:attachment":[{"href":"http:\/\/t4travel.de\/index.php\/wp-json\/wp\/v2\/media?parent=1150"}],"wp:term":[{"taxonomy":"category","embeddable":true,"href":"http:\/\/t4travel.de\/index.php\/wp-json\/wp\/v2\/categories?post=1150"},{"taxonomy":"post_tag","embeddable":true,"href":"http:\/\/t4travel.de\/index.php\/wp-json\/wp\/v2\/tags?post=1150"}],"curies":[{"name":"wp","href":"https:\/\/api.w.org\/{rel}","templated":true}]}}